{"id":315,"date":"2019-02-14T13:02:00","date_gmt":"2019-02-14T12:02:00","guid":{"rendered":"https:\/\/blog.immosens.fr\/?p=315"},"modified":"2024-09-10T17:37:12","modified_gmt":"2024-09-10T15:37:12","slug":"jamenage-la-chambre-de-bebe","status":"publish","type":"post","link":"https:\/\/www.immosens.fr\/blog\/jamenage-la-chambre-de-bebe\/","title":{"rendered":"J&rsquo;am\u00e9nage la chambre de b\u00e9b\u00e9 !"},"content":{"rendered":"<p><strong>C\u2019est officiel, votre famille s\u2019agrandit\u00a0! Une fois la bonne nouvelle annonc\u00e9e \u00e0 la famille et aux amis, il est temps d\u2019entreprendre un tas de choses pour se pr\u00e9parer \u00e0 l\u2019arriv\u00e9e de b\u00e9b\u00e9\u00a0! Hormis le choix du pr\u00e9nom, l\u2019une des principales pr\u00e9occupations des futurs parents est de cr\u00e9er un univers douillet pour accueillir leur petite merveille.<\/strong><\/p>\n<p><strong>Pour relever ce d\u00e9fi de taille, Immosens vous accompagne en vous prodiguant quelques conseils qui pourraient bien se r\u00e9v\u00e9ler (tr\u00e8s) utiles\u2026<\/strong><\/p>\n<p><strong>Afficher la couleur.\u00a0\u00a0<\/strong><\/p>\n<p>On a souvent tendance \u00e0 croire que les couleurs sont trop stimulantes et perturbent le sommeil de b\u00e9b\u00e9. C\u2019est vrai, si l\u2019on utilise des couleurs (trop) vives. En revanche, rien ne nous emp\u00eache d\u2019utiliser des tons pastel, doux et rassurants \u00e0 souhait, afin de cr\u00e9er une d\u00e9co cosy apportant un zeste de bonne humeur \u00e0 votre nouveau-n\u00e9\u00a0! Rose pour les filles et bleu pour les gar\u00e7ons, ou pas\u2026 c\u2019est \u00e0 vous de trancher\u00a0!<\/p>\n<p>&nbsp;<\/p>\n<p><strong>Une lumi\u00e8re douce.<\/strong><\/p>\n<p>Au d\u00e9but, notre petite merveille ne fait (malheureusement) pas encore bien ses nuits et, comme chaque parent, nous sommes r\u00e9guli\u00e8rement sollicit\u00e9s pour lui donner \u00e0 manger ou simplement la rassurer. Pour se faire, rien de mieux qu\u2019une lumi\u00e8re douce, qui n\u2019agressera pas nos yeux (ni ceux de b\u00e9b\u00e9) au beau milieu de la nuit\u00a0!<\/p>\n<p>Pour les avoir test\u00e9es, nous vous recommandons particuli\u00e8rement les guirlandes de la\u00a0<a href=\"https:\/\/www.lacasedecousinpaul.com\/fr\">Case de Cousin Paul<\/a>, dans le vieux Lille, qui allient le beau et le pratique, tout en nous offrant une belle lumi\u00e8re tamis\u00e9e\u00a0!<\/p>\n<p>&nbsp;<\/p>\n<p><strong>Un si\u00e8ge confortable.<\/strong><\/p>\n<p>Pour maximiser le confort des parents et de l\u2019enfant, on opte pour une assise confortable qui nous permettra de nourrir ou de bercer b\u00e9b\u00e9 en tout s\u00e9r\u00e9nit\u00e9\u00a0! Et en mati\u00e8re de si\u00e8ge, il faut dire que nous avons le choix\u2026 Pourquoi ne pas r\u00e9cup\u00e9rer le rocking chair de grand-maman ou encore opter pour un si\u00e8ge plus contemporain, au design g\u00e9om\u00e9trique\u00a0?<\/p>\n<div id=\"gallery-3\" class=\"gallery galleryid-551 gallery-columns-2 gallery-size-medium none\"><\/div>\n<p><strong>Un tapis de sol d\u00e9coratif.<\/strong><\/p>\n<p>Le tapis de sol est une bonne alternative pour allier d\u00e9co et anti-bobo. En effet, lorsque votre tout-petit commencera \u00e0 gambader, il pourra le faire en toute s\u00e9curit\u00e9 sur son joli tapis\u00a0!<\/p>\n<p>&nbsp;<\/p>\n<p><strong>Du \u00ab\u00a0fait maison\u00a0\u00bb.<\/strong><\/p>\n<p>Depuis plusieurs ann\u00e9es, la tendance est au DIY, entendez par l\u00e0 \u00ab\u00a0Do it Yourself\u00a0\u00bb ou \u00ab\u00a0fait soi-m\u00eame\u00a0\u00bb. Et en mati\u00e8re de d\u00e9co pour la chambre de b\u00e9b\u00e9, cela ne fait pas exception\u00a0! Couverture, coussin, pochette, mobile, porte-manteau ou encore pompons\u2026 Les id\u00e9es sont illimit\u00e9es et le rendu est ravissant\u00a0! Il ne vous reste plus qu\u2019\u00e0 choisir laquelle de ces activit\u00e9s vous vous sentez le plus \u00e0-m\u00eame de r\u00e9aliser\u2026<\/p>\n<div id=\"gallery-4\" class=\"gallery galleryid-551 gallery-columns-2 gallery-size-medium none\"><\/div>\n<p><strong>De l\u2019organisation pour le rangement.<\/strong><\/p>\n<p>M\u00eame si petit b\u00e9b\u00e9 deviendra grand, pour commencer, il n\u2019a pas besoin de beaucoup de rangements. N\u2019oubliez pas qu\u2019au d\u00e9but, il ne porte que des mini-habits !.. Alors, ne surchargez pas sa chambre de gros meubles mais pr\u00e9f\u00e9rez une petite commode qui ne polluera pas l\u2019espace visuel de votre bambin.<\/p>\n<p>&nbsp;<\/p>\n<p>Maintenant que nous vous avons donn\u00e9 tous nos conseils d\u00e9co pour la chambre de b\u00e9b\u00e9, il ne nous reste plus qu\u2019\u00e0 vous pr\u00e9senter toutes nos f\u00e9licitations pour cet heureux \u00e9v\u00e9nement\u00a0!<\/p>\n<p>PS : N\u2019oubliez pas de garnir la chambre des essentiels au kit du parent d\u00e9butant pour vous faciliter la vie : lit b\u00e9b\u00e9, gigoteuse, matelas \u00e0 langer &amp;\u00a0paquet de couches\u00a0&#x1f609;<\/p>\n<p>A bient\u00f4t !<\/p>\n<p>L\u2019\u00e9quipe\u00a0<a href=\"https:\/\/www.immosens.fr\/\"><strong>Immosens Lille.<\/strong><\/a><\/p>\n","protected":false},"excerpt":{"rendered":"<p>C\u2019est officiel, votre famille s\u2019agrandit\u00a0! Une fois la bonne nouvelle annonc\u00e9e \u00e0 la famille et aux amis, il est temps d\u2019entreprendre un tas de choses pour se pr\u00e9parer \u00e0 l\u2019arriv\u00e9e de b\u00e9b\u00e9\u00a0! Hormis le choix du pr\u00e9nom, l\u2019une des principales pr\u00e9occupations des futurs parents est de cr\u00e9er un univers douillet pour accueillir leur petite merveille. [&hellip;]<\/p>\n","protected":false},"author":2,"featured_media":316,"comment_status":"closed","ping_status":"closed","sticky":false,"template":"","format":"standard","meta":{"footnotes":""},"categories":[1],"tags":[],"class_list":["post-315","post","type-post","status-publish","format-standard","has-post-thumbnail","hentry","category-non-classe"],"yoast_head":"<!-- This site is optimized with the Yoast SEO plugin v23.4 - https:\/\/yoast.com\/wordpress\/plugins\/seo\/ -->\n<title>J&#039;am\u00e9nage la chambre de b\u00e9b\u00e9 ! - Le Blog ImmoSens<\/title>\n<meta name=\"description\" content=\"Restez inform\u00e9 en lisant l&#039;int\u00e9gralit\u00e9 de l&#039;article \u00abJ&#039;am\u00e9nage la chambre de b\u00e9b\u00e9 !\u00bb sur le blog immobilier de nos agences Immosens\" \/>\n<meta name=\"robots\" content=\"index, follow, max-snippet:-1, max-image-preview:large, max-video-preview:-1\" \/>\n<link rel=\"canonical\" href=\"https:\/\/www.immosens.fr\/blog\/jamenage-la-chambre-de-bebe\/\" \/>\n<meta property=\"og:locale\" content=\"fr_FR\" \/>\n<meta property=\"og:type\" content=\"article\" \/>\n<meta property=\"og:title\" content=\"J&#039;am\u00e9nage la chambre de b\u00e9b\u00e9 ! - Le Blog ImmoSens\" \/>\n<meta property=\"og:description\" content=\"Restez inform\u00e9 en lisant l&#039;int\u00e9gralit\u00e9 de l&#039;article \u00abJ&#039;am\u00e9nage la chambre de b\u00e9b\u00e9 !\u00bb sur le blog immobilier de nos agences Immosens\" \/>\n<meta property=\"og:url\" content=\"https:\/\/www.immosens.fr\/blog\/jamenage-la-chambre-de-bebe\/\" \/>\n<meta property=\"og:site_name\" content=\"Le Blog ImmoSens\" \/>\n<meta property=\"article:publisher\" content=\"https:\/\/www.facebook.com\/agence.immosenslille\/\" \/>\n<meta property=\"article:published_time\" content=\"2019-02-14T12:02:00+00:00\" \/>\n<meta property=\"article:modified_time\" content=\"2024-09-10T15:37:12+00:00\" \/>\n<meta property=\"og:image\" content=\"https:\/\/blog.immosens.fr\/wp-content\/uploads\/2019\/01\/chambre-b\u00e9b\u00e9.jpg\" \/>\n\t<meta property=\"og:image:width\" content=\"383\" \/>\n\t<meta property=\"og:image:height\" content=\"424\" \/>\n\t<meta property=\"og:image:type\" content=\"image\/jpeg\" \/>\n<meta name=\"author\" content=\"\u00c9glantine Rouly\" \/>\n<meta name=\"twitter:card\" content=\"summary_large_image\" \/>\n<meta name=\"twitter:label1\" content=\"\u00c9crit par\" \/>\n\t<meta name=\"twitter:data1\" content=\"\u00c9glantine Rouly\" \/>\n\t<meta name=\"twitter:label2\" content=\"Dur\u00e9e de lecture estim\u00e9e\" \/>\n\t<meta name=\"twitter:data2\" content=\"3 minutes\" \/>\n<script type=\"application\/ld+json\" class=\"yoast-schema-graph\">{\"@context\":\"https:\/\/schema.org\",\"@graph\":[{\"@type\":\"WebPage\",\"@id\":\"https:\/\/blog.immosens.fr\/jamenage-la-chambre-de-bebe\/\",\"url\":\"https:\/\/blog.immosens.fr\/jamenage-la-chambre-de-bebe\/\",\"name\":\"J'am\u00e9nage la chambre de b\u00e9b\u00e9 ! - Le Blog ImmoSens\",\"isPartOf\":{\"@id\":\"https:\/\/blog.immosens.fr\/#website\"},\"primaryImageOfPage\":{\"@id\":\"https:\/\/blog.immosens.fr\/jamenage-la-chambre-de-bebe\/#primaryimage\"},\"image\":{\"@id\":\"https:\/\/blog.immosens.fr\/jamenage-la-chambre-de-bebe\/#primaryimage\"},\"thumbnailUrl\":\"https:\/\/www.immosens.fr\/blog\/wp-content\/uploads\/2019\/01\/chambre-b\u00e9b\u00e9.jpg\",\"datePublished\":\"2019-02-14T12:02:00+00:00\",\"dateModified\":\"2024-09-10T15:37:12+00:00\",\"author\":{\"@id\":\"https:\/\/blog.immosens.fr\/#\/schema\/person\/cd09b91c6ca57282e950130309e8b579\"},\"description\":\"Restez inform\u00e9 en lisant l'int\u00e9gralit\u00e9 de l'article \u00abJ'am\u00e9nage la chambre de b\u00e9b\u00e9 !\u00bb sur le blog immobilier de nos agences Immosens\",\"breadcrumb\":{\"@id\":\"https:\/\/blog.immosens.fr\/jamenage-la-chambre-de-bebe\/#breadcrumb\"},\"inLanguage\":\"fr-FR\",\"potentialAction\":[{\"@type\":\"ReadAction\",\"target\":[\"https:\/\/blog.immosens.fr\/jamenage-la-chambre-de-bebe\/\"]}]},{\"@type\":\"ImageObject\",\"inLanguage\":\"fr-FR\",\"@id\":\"https:\/\/blog.immosens.fr\/jamenage-la-chambre-de-bebe\/#primaryimage\",\"url\":\"https:\/\/www.immosens.fr\/blog\/wp-content\/uploads\/2019\/01\/chambre-b\u00e9b\u00e9.jpg\",\"contentUrl\":\"https:\/\/www.immosens.fr\/blog\/wp-content\/uploads\/2019\/01\/chambre-b\u00e9b\u00e9.jpg\",\"width\":383,\"height\":424},{\"@type\":\"BreadcrumbList\",\"@id\":\"https:\/\/blog.immosens.fr\/jamenage-la-chambre-de-bebe\/#breadcrumb\",\"itemListElement\":[{\"@type\":\"ListItem\",\"position\":1,\"name\":\"Accueil\",\"item\":\"https:\/\/blog.immosens.fr\/\"},{\"@type\":\"ListItem\",\"position\":2,\"name\":\"J&rsquo;am\u00e9nage la chambre de b\u00e9b\u00e9 !\"}]},{\"@type\":\"WebSite\",\"@id\":\"https:\/\/blog.immosens.fr\/#website\",\"url\":\"https:\/\/blog.immosens.fr\/\",\"name\":\"Le Blog ImmoSens\",\"description\":\"Toutes les actualit\u00e9s de l\u2019immobilier et de la vie active \u00e0 Lille\",\"potentialAction\":[{\"@type\":\"SearchAction\",\"target\":{\"@type\":\"EntryPoint\",\"urlTemplate\":\"https:\/\/blog.immosens.fr\/?s={search_term_string}\"},\"query-input\":{\"@type\":\"PropertyValueSpecification\",\"valueRequired\":true,\"valueName\":\"search_term_string\"}}],\"inLanguage\":\"fr-FR\"},{\"@type\":\"Person\",\"@id\":\"https:\/\/blog.immosens.fr\/#\/schema\/person\/cd09b91c6ca57282e950130309e8b579\",\"name\":\"\u00c9glantine Rouly\",\"image\":{\"@type\":\"ImageObject\",\"inLanguage\":\"fr-FR\",\"@id\":\"https:\/\/blog.immosens.fr\/#\/schema\/person\/image\/\",\"url\":\"https:\/\/secure.gravatar.com\/avatar\/f92a2923fa53fdb310f5b475f91604e33748ade5fa1ad675d740a411170bf63c?s=96&d=mm&r=g\",\"contentUrl\":\"https:\/\/secure.gravatar.com\/avatar\/f92a2923fa53fdb310f5b475f91604e33748ade5fa1ad675d740a411170bf63c?s=96&d=mm&r=g\",\"caption\":\"\u00c9glantine Rouly\"},\"sameAs\":[\"http:\/\/www.immosens.fr\/\"],\"url\":\"https:\/\/www.immosens.fr\/blog\/author\/blogimmosens\/\"}]}<\/script>\n<!-- \/ Yoast SEO plugin. -->","yoast_head_json":{"title":"J'am\u00e9nage la chambre de b\u00e9b\u00e9 ! - Le Blog ImmoSens","description":"Restez inform\u00e9 en lisant l'int\u00e9gralit\u00e9 de l'article \u00abJ'am\u00e9nage la chambre de b\u00e9b\u00e9 !\u00bb sur le blog immobilier de nos agences Immosens","robots":{"index":"index","follow":"follow","max-snippet":"max-snippet:-1","max-image-preview":"max-image-preview:large","max-video-preview":"max-video-preview:-1"},"canonical":"https:\/\/www.immosens.fr\/blog\/jamenage-la-chambre-de-bebe\/","og_locale":"fr_FR","og_type":"article","og_title":"J'am\u00e9nage la chambre de b\u00e9b\u00e9 ! - Le Blog ImmoSens","og_description":"Restez inform\u00e9 en lisant l'int\u00e9gralit\u00e9 de l'article \u00abJ'am\u00e9nage la chambre de b\u00e9b\u00e9 !\u00bb sur le blog immobilier de nos agences Immosens","og_url":"https:\/\/www.immosens.fr\/blog\/jamenage-la-chambre-de-bebe\/","og_site_name":"Le Blog ImmoSens","article_publisher":"https:\/\/www.facebook.com\/agence.immosenslille\/","article_published_time":"2019-02-14T12:02:00+00:00","article_modified_time":"2024-09-10T15:37:12+00:00","og_image":[{"width":383,"height":424,"url":"https:\/\/blog.immosens.fr\/wp-content\/uploads\/2019\/01\/chambre-b\u00e9b\u00e9.jpg","type":"image\/jpeg"}],"author":"\u00c9glantine Rouly","twitter_card":"summary_large_image","twitter_misc":{"\u00c9crit par":"\u00c9glantine Rouly","Dur\u00e9e de lecture estim\u00e9e":"3 minutes"},"schema":{"@context":"https:\/\/schema.org","@graph":[{"@type":"WebPage","@id":"https:\/\/blog.immosens.fr\/jamenage-la-chambre-de-bebe\/","url":"https:\/\/blog.immosens.fr\/jamenage-la-chambre-de-bebe\/","name":"J'am\u00e9nage la chambre de b\u00e9b\u00e9 ! - Le Blog ImmoSens","isPartOf":{"@id":"https:\/\/blog.immosens.fr\/#website"},"primaryImageOfPage":{"@id":"https:\/\/blog.immosens.fr\/jamenage-la-chambre-de-bebe\/#primaryimage"},"image":{"@id":"https:\/\/blog.immosens.fr\/jamenage-la-chambre-de-bebe\/#primaryimage"},"thumbnailUrl":"https:\/\/www.immosens.fr\/blog\/wp-content\/uploads\/2019\/01\/chambre-b\u00e9b\u00e9.jpg","datePublished":"2019-02-14T12:02:00+00:00","dateModified":"2024-09-10T15:37:12+00:00","author":{"@id":"https:\/\/blog.immosens.fr\/#\/schema\/person\/cd09b91c6ca57282e950130309e8b579"},"description":"Restez inform\u00e9 en lisant l'int\u00e9gralit\u00e9 de l'article \u00abJ'am\u00e9nage la chambre de b\u00e9b\u00e9 !\u00bb sur le blog immobilier de nos agences Immosens","breadcrumb":{"@id":"https:\/\/blog.immosens.fr\/jamenage-la-chambre-de-bebe\/#breadcrumb"},"inLanguage":"fr-FR","potentialAction":[{"@type":"ReadAction","target":["https:\/\/blog.immosens.fr\/jamenage-la-chambre-de-bebe\/"]}]},{"@type":"ImageObject","inLanguage":"fr-FR","@id":"https:\/\/blog.immosens.fr\/jamenage-la-chambre-de-bebe\/#primaryimage","url":"https:\/\/www.immosens.fr\/blog\/wp-content\/uploads\/2019\/01\/chambre-b\u00e9b\u00e9.jpg","contentUrl":"https:\/\/www.immosens.fr\/blog\/wp-content\/uploads\/2019\/01\/chambre-b\u00e9b\u00e9.jpg","width":383,"height":424},{"@type":"BreadcrumbList","@id":"https:\/\/blog.immosens.fr\/jamenage-la-chambre-de-bebe\/#breadcrumb","itemListElement":[{"@type":"ListItem","position":1,"name":"Accueil","item":"https:\/\/blog.immosens.fr\/"},{"@type":"ListItem","position":2,"name":"J&rsquo;am\u00e9nage la chambre de b\u00e9b\u00e9 !"}]},{"@type":"WebSite","@id":"https:\/\/blog.immosens.fr\/#website","url":"https:\/\/blog.immosens.fr\/","name":"Le Blog ImmoSens","description":"Toutes les actualit\u00e9s de l\u2019immobilier et de la vie active \u00e0 Lille","potentialAction":[{"@type":"SearchAction","target":{"@type":"EntryPoint","urlTemplate":"https:\/\/blog.immosens.fr\/?s={search_term_string}"},"query-input":{"@type":"PropertyValueSpecification","valueRequired":true,"valueName":"search_term_string"}}],"inLanguage":"fr-FR"},{"@type":"Person","@id":"https:\/\/blog.immosens.fr\/#\/schema\/person\/cd09b91c6ca57282e950130309e8b579","name":"\u00c9glantine Rouly","image":{"@type":"ImageObject","inLanguage":"fr-FR","@id":"https:\/\/blog.immosens.fr\/#\/schema\/person\/image\/","url":"https:\/\/secure.gravatar.com\/avatar\/f92a2923fa53fdb310f5b475f91604e33748ade5fa1ad675d740a411170bf63c?s=96&d=mm&r=g","contentUrl":"https:\/\/secure.gravatar.com\/avatar\/f92a2923fa53fdb310f5b475f91604e33748ade5fa1ad675d740a411170bf63c?s=96&d=mm&r=g","caption":"\u00c9glantine Rouly"},"sameAs":["http:\/\/www.immosens.fr\/"],"url":"https:\/\/www.immosens.fr\/blog\/author\/blogimmosens\/"}]}},"_links":{"self":[{"href":"https:\/\/www.immosens.fr\/blog\/wp-json\/wp\/v2\/posts\/315","targetHints":{"allow":["GET"]}}],"collection":[{"href":"https:\/\/www.immosens.fr\/blog\/wp-json\/wp\/v2\/posts"}],"about":[{"href":"https:\/\/www.immosens.fr\/blog\/wp-json\/wp\/v2\/types\/post"}],"author":[{"embeddable":true,"href":"https:\/\/www.immosens.fr\/blog\/wp-json\/wp\/v2\/users\/2"}],"replies":[{"embeddable":true,"href":"https:\/\/www.immosens.fr\/blog\/wp-json\/wp\/v2\/comments?post=315"}],"version-history":[{"count":4,"href":"https:\/\/www.immosens.fr\/blog\/wp-json\/wp\/v2\/posts\/315\/revisions"}],"predecessor-version":[{"id":478,"href":"https:\/\/www.immosens.fr\/blog\/wp-json\/wp\/v2\/posts\/315\/revisions\/478"}],"wp:featuredmedia":[{"embeddable":true,"href":"https:\/\/www.immosens.fr\/blog\/wp-json\/wp\/v2\/media\/316"}],"wp:attachment":[{"href":"https:\/\/www.immosens.fr\/blog\/wp-json\/wp\/v2\/media?parent=315"}],"wp:term":[{"taxonomy":"category","embeddable":true,"href":"https:\/\/www.immosens.fr\/blog\/wp-json\/wp\/v2\/categories?post=315"},{"taxonomy":"post_tag","embeddable":true,"href":"https:\/\/www.immosens.fr\/blog\/wp-json\/wp\/v2\/tags?post=315"}],"curies":[{"name":"wp","href":"https:\/\/api.w.org\/{rel}","templated":true}]}}